{"id":2099,"__str__":"Projeto de Lei n\u00ba 23 de 2026","link_detail_backend":"/materia/2099","metadata":{},"numero":23,"ano":2026,"numero_protocolo":null,"data_apresentacao":"2026-04-30","tipo_apresentacao":"","data_publicacao":null,"numero_origem_externa":"","ano_origem_externa":null,"data_origem_externa":null,"apelido":"","dias_prazo":null,"data_fim_prazo":null,"em_tramitacao":true,"polemica":false,"objeto":"","complementar":false,"ementa":"Disp\u00f5e sobre a utiliza\u00e7\u00e3o de ve\u00edculos oficiais pela Administra\u00e7\u00e3o P\u00fablica Municipal e Aut\u00e1rquica, e d\u00e1 outras provid\u00eancias.","indexacao":"","observacao":"","resultado":"","texto_original":null,"data_ultima_atualizacao":"2026-04-30T17:19:59.187298-03:00","ip":"104.28.166.19","ultima_edicao":"2026-04-30T17:17:04.949791-03:00","tipo":1,"regime_tramitacao":1,"tipo_origem_externa":null,"local_origem_externa":null,"user":21,"anexadas":[],"autores":[91]}